{"id":85,"date":"2018-06-09T15:16:12","date_gmt":"2018-06-09T15:16:12","guid":{"rendered":"https:\/\/blog.dramatikerinnenfestival.at\/2018\/?p=85"},"modified":"2019-06-13T16:34:56","modified_gmt":"2019-06-13T16:34:56","slug":"streifzug-durch-schmalz","status":"publish","type":"post","link":"https:\/\/blog.dramatikerinnenfestival.at\/2018\/blog\/2018\/06\/09\/streifzug-durch-schmalz\/","title":{"rendered":"Streifzug durch Schmalz"},"content":{"rendered":"<p><strong>Ferdinand Schmalz steht zwischen den literarischen Fronten. Er balanciert geschickt zwischen seiner gro\u00dfen Liebe, dem Drama, und der sehns\u00fcchtig erwarteten Prosa. Dass er in beiden Formen brilliert, bewies er bei \u201eDie Leibst\u00fccke des Ferdinand Schmalz\u201c am Freitag im Literaturhaus Graz.<\/strong><\/p>\n<p>Auf der R\u00fcckseite des Drama-Sammelbandes \u201eleibst\u00fccke\u201c von Ferdinand Schmalz steht geschrieben: \u201etheater oder wie ich es nenne: sauna f\u00fcrs gehirn\u201c. Das Schreiben f\u00fcr die B\u00fchne war es, das Schmalz seit dem Gewinn des Retzhofer Dramapreises 2013 mit \u201eam beispiel der butter\u201c immer bekannter gemacht hat. Bis er 2017 schlie\u00dflich mit seinem Prosatext \u201emein lieblingstier hei\u00dft winter\u201c den Ingeborg-Bachmann-Preis einheimsen konnte. Wer das letzten Sommer verpasst hat, h\u00f6rte die Geschichte um den Eismann, der mit einer schaurig-kuriosen Aufgabe konfrontiert wird, nun erster Hand aus dem Mund des Autors.<\/p>\n<p>Die sprachliche Genauigkeit, der subtile, aber un\u00fcberh\u00f6rbare Humor in jedem Wort, die exakt zerw\u00fcrfelten S\u00e4tze \u2013 ob Prosa oder Drama, Schmalz bleibt sich treu. Trotzdem war der Genre-Wechsel Thema in der Diskussion mit Literaturkritikerin Sandra Kegel: Es habe \u201eGr\u00e4ben, die man \u00fcberwinden muss\u201c gegeben, so Schmalz. Aber: \u201eMeine Liebe zum Theater kann ich nicht verleugnen\u201c. Autor Peter Waterhouse, der das Nachwort zu \u201eleibst\u00fccke\u201c beigesteuert hat, nahm in der Diskussion mit Kegel und Schmalz die nicht sehr b\u00fchnenwirksame Rolle des Fischer-Verlag-Werbemannes ein. Sein Argument: In Schmalz\u2018 Dramen stecken so viele Details, die man auf der B\u00fchne \u00fcbersehen aber bei der Lekt\u00fcre merken w\u00fcrde, folglich solle man die \u201eleibst\u00fccke\u201c lieber lesen. Gut gemeint, leider nach hinten losgegangen \u2013 was w\u00e4re das f\u00fcr ein Drama, das am Papier besser funktioniert als auf der B\u00fchne?<\/p>\n<p>Wie gut die \u201eleibst\u00fccke\u201c auf der B\u00fchne funktionieren, das zeigten gleich zu Beginn des Abends Nico Link in der Rolle des bademeister hannes aus \u201eder thermale widerstand\u201c sowie Pascal Goffin und Raphael Muff, die sich den \u201efernfahrerprolog\u201c aus \u201edosenfleisch\u201c aufteilten. Den Schluss machten Ninja Reichert, die erst Tage zuvor das Ernst-Binder-Stipendium bei der Festivaler\u00f6ffnung verliehen bekam, und Roman Blumenschein. Sie schl\u00fcpften in die Rollen von jenny und hans aus \u201eam beispiel der butter\u201c.<\/p>\n<p>Von Hannah Michaeler<\/p>\n","protected":false},"excerpt":{"rendered":"<p>Ferdinand Schmalz steht zwischen den literarischen Fronten. Er balanciert geschickt zwischen seiner gro\u00dfen Liebe, dem Drama, und der sehns\u00fcchtig erwarteten Prosa. Dass er in beiden Formen brilliert, bewies er bei \u201eDie Leibst\u00fccke des Ferdinand Schmalz\u201c am Freitag im Literaturhaus Graz. Auf der R\u00fcckseite des Drama-Sammelbandes \u201eleibst\u00fccke\u201c von Ferdinand Schmalz steht geschrieben: \u201etheater oder wie ich &hellip; <a href=\"https:\/\/blog.dramatikerinnenfestival.at\/2018\/blog\/2018\/06\/09\/streifzug-durch-schmalz\/\" class=\"more-link\"><span class=\"screen-reader-text\">&#8222;Streifzug durch Schmalz&#8220; <\/span>weiterlesen<\/a><\/p>\n","protected":false},"author":1,"featured_media":0,"comment_status":"open","ping_status":"open","sticky":false,"template":"","format":"standard","meta":[],"categories":[1],"tags":[],"_links":{"self":[{"href":"https:\/\/blog.dramatikerinnenfestival.at\/2018\/wp-json\/wp\/v2\/posts\/85"}],"collection":[{"href":"https:\/\/blog.dramatikerinnenfestival.at\/2018\/wp-json\/wp\/v2\/posts"}],"about":[{"href":"https:\/\/blog.dramatikerinnenfestival.at\/2018\/wp-json\/wp\/v2\/types\/post"}],"author":[{"embeddable":true,"href":"https:\/\/blog.dramatikerinnenfestival.at\/2018\/wp-json\/wp\/v2\/users\/1"}],"replies":[{"embeddable":true,"href":"https:\/\/blog.dramatikerinnenfestival.at\/2018\/wp-json\/wp\/v2\/comments?post=85"}],"version-history":[{"count":1,"href":"https:\/\/blog.dramatikerinnenfestival.at\/2018\/wp-json\/wp\/v2\/posts\/85\/revisions"}],"predecessor-version":[{"id":86,"href":"https:\/\/blog.dramatikerinnenfestival.at\/2018\/wp-json\/wp\/v2\/posts\/85\/revisions\/86"}],"wp:attachment":[{"href":"https:\/\/blog.dramatikerinnenfestival.at\/2018\/wp-json\/wp\/v2\/media?parent=85"}],"wp:term":[{"taxonomy":"category","embeddable":true,"href":"https:\/\/blog.dramatikerinnenfestival.at\/2018\/wp-json\/wp\/v2\/categories?post=85"},{"taxonomy":"post_tag","embeddable":true,"href":"https:\/\/blog.dramatikerinnenfestival.at\/2018\/wp-json\/wp\/v2\/tags?post=85"}],"curies":[{"name":"wp","href":"https:\/\/api.w.org\/{rel}","templated":true}]}}