{"id":180,"date":"2022-06-03T12:50:41","date_gmt":"2022-06-03T12:50:41","guid":{"rendered":"https:\/\/blog.dramatikerinnenfestival.at\/2018\/?p=180"},"modified":"2022-06-03T20:38:26","modified_gmt":"2022-06-03T20:38:26","slug":"dramatikerinnenfestival-8-12-06-2022","status":"publish","type":"post","link":"https:\/\/blog.dramatikerinnenfestival.at\/2018\/blog\/2022\/06\/03\/dramatikerinnenfestival-8-12-06-2022\/","title":{"rendered":"Dramatiker|innenfestival 2022"},"content":{"rendered":"\n<p><\/p>\n\n\n\n<p class=\"has-text-align-left\">Das sechste internationale Dramatiker|innenfestival Graz stellt die Frage, was wir in unserer Welt im Moment vorfinden. Was ist mit unserem Umgang mit dem Klima? Mit den Migrationsbewegungen? Mit der Rolle der Frauen? Und wer erz\u00e4hlt von all dem? Theater geht den Mechanismen hinter dem, was ist, nach. Wer ist dabei, wenn die wichtigen Entscheidungen getroffen werden und wem bleiben die T\u00fcren verschlossen? Dramatische Literatur kann h\u00f6rbar, sichtbar und erlebbar machen, was politisch gerne ignoriert oder gesellschaftlich marginalisiert wird: Theaterfiguren stehen im Rampenlicht, verk\u00f6rpern die Welt und erz\u00e4hlen davon. Im Festival verschaffen sich Autor:innen, Theatermacher:innen und andere K\u00fcnstler:innen in Inszenierungen, Pr\u00e4sentationen, Lesungen und Diskussionen Geh\u00f6r und verweisen mit ihren Gedanken, Fragestellungen und Geschichten auf die Wirklichkeiten, denen wir uns stellen m\u00fcssen.<\/p>\n","protected":false},"excerpt":{"rendered":"<p>Das sechste internationale Dramatiker|innenfestival Graz stellt die Frage, was wir in unserer Welt im Moment vorfinden. Was ist mit unserem Umgang mit dem Klima? Mit den Migrationsbewegungen? Mit der Rolle der Frauen? Und wer erz\u00e4hlt von all dem? Theater geht den Mechanismen hinter dem, was ist, nach. Wer ist dabei, wenn die wichtigen Entscheidungen getroffen &hellip; <a href=\"https:\/\/blog.dramatikerinnenfestival.at\/2018\/blog\/2022\/06\/03\/dramatikerinnenfestival-8-12-06-2022\/\" class=\"more-link\"><span class=\"screen-reader-text\">&#8222;Dramatiker|innenfestival 2022&#8220; <\/span>weiterlesen<\/a><\/p>\n","protected":false},"author":1,"featured_media":0,"comment_status":"open","ping_status":"open","sticky":false,"template":"","format":"standard","meta":[],"categories":[1],"tags":[],"_links":{"self":[{"href":"https:\/\/blog.dramatikerinnenfestival.at\/2018\/wp-json\/wp\/v2\/posts\/180"}],"collection":[{"href":"https:\/\/blog.dramatikerinnenfestival.at\/2018\/wp-json\/wp\/v2\/posts"}],"about":[{"href":"https:\/\/blog.dramatikerinnenfestival.at\/2018\/wp-json\/wp\/v2\/types\/post"}],"author":[{"embeddable":true,"href":"https:\/\/blog.dramatikerinnenfestival.at\/2018\/wp-json\/wp\/v2\/users\/1"}],"replies":[{"embeddable":true,"href":"https:\/\/blog.dramatikerinnenfestival.at\/2018\/wp-json\/wp\/v2\/comments?post=180"}],"version-history":[{"count":5,"href":"https:\/\/blog.dramatikerinnenfestival.at\/2018\/wp-json\/wp\/v2\/posts\/180\/revisions"}],"predecessor-version":[{"id":213,"href":"https:\/\/blog.dramatikerinnenfestival.at\/2018\/wp-json\/wp\/v2\/posts\/180\/revisions\/213"}],"wp:attachment":[{"href":"https:\/\/blog.dramatikerinnenfestival.at\/2018\/wp-json\/wp\/v2\/media?parent=180"}],"wp:term":[{"taxonomy":"category","embeddable":true,"href":"https:\/\/blog.dramatikerinnenfestival.at\/2018\/wp-json\/wp\/v2\/categories?post=180"},{"taxonomy":"post_tag","embeddable":true,"href":"https:\/\/blog.dramatikerinnenfestival.at\/2018\/wp-json\/wp\/v2\/tags?post=180"}],"curies":[{"name":"wp","href":"https:\/\/api.w.org\/{rel}","templated":true}]}}