{"id":155,"date":"2020-05-15T08:52:15","date_gmt":"2020-05-15T08:52:15","guid":{"rendered":"https:\/\/blog.dramatikerinnenfestival.at\/2018\/?p=155"},"modified":"2020-05-15T08:52:16","modified_gmt":"2020-05-15T08:52:16","slug":"liebe-autorinnen-liebe-kolleginnen-liebes-publikum","status":"publish","type":"post","link":"https:\/\/blog.dramatikerinnenfestival.at\/2018\/blog\/2020\/05\/15\/liebe-autorinnen-liebe-kolleginnen-liebes-publikum\/","title":{"rendered":"Liebe Autor*innen, liebe Kolleg*innen, liebes Publikum!"},"content":{"rendered":"\n<p>Die f\u00fcnfte Ausgabe des internationalen DRAMA|TIK|ER|INNEN|FEST|IVALS Graz \u2013 das unter dem Motto \u00dcBER MORGEN im Juni stattfinden sollte \u2013 wird auf Juni 2021 verschoben. Wir (das DRAMA FORUM von uniT und das Schauspielhaus Graz) waren seit Monaten mit den Vorbereitungen besch\u00e4ftigt und haben voller Vorfreude auf den Juni geblickt, diese Mitteilung f\u00e4llt uns daher nicht leicht. Die vielen freien K\u00fcnstler*innen und Gruppen treffen die momentanen Absagen im Kunstbereich nat\u00fcrlich besonders schwer und wir stehen seit Bekanntgabe der Regierung im Austausch mit allen, die mit ihren St\u00fccken, Texten und Gedanken quasi das Festival bilden, um mit ihnen gemeinsam gute L\u00f6sungen zu finden. <\/p>\n\n\n\n<p>F\u00fcr das 5-j\u00e4hrige Jubil\u00e4um des internationalen DRAMA|TIK|ER|INNEN|FEST|IVALS war eine ganz besondere Festivalausgabe im Entstehen, die viele Institutionen in Graz, aber auch aus ganz Europa miteinbeziehen sollte: mit Projekten im Rahmen des Graz Kulturjahres 2020, der internationalen Theaterkonferenz der European Theatre Convention, einem Programmpunkt mit fl\u00e4mischen und niederl\u00e4ndischen Autor*innen, der Teilnahme des Netzwerks \u201eThe Fence\u201c sowie dem \u201eYoung Europe\u201c-Festival, einem Theater- und Diskursprogramm f\u00fcr junges Publikum, das Finale der Zusammenarbeit neun europ\u00e4ischer Theater im Rahmen der European Theatre Convention. <\/p>\n\n\n\n<p>Unser Ziel war es, R\u00e4ume zu schaffen, um mit (inter)nationalen Autor*innen, K\u00fcnstler*innen, Journalist*innen, Studierenden, Sch\u00fcler*innen, Kolleg*innen und dem Publikum mittels zeitgen\u00f6ssischer Dramatik ins Gespr\u00e4ch zu kommen. Unter dem Motto \u00dcBER MORGEN wollten wir \u00fcber m\u00f6gliche schreckliche, aber auch erstrebenswerte Versionen von \u201e\u00fcbermorgen\u201c sprechen und dar\u00fcber, was wir m\u00f6glicherweise tun k\u00f6nnen, um manche Entwicklungen zu bef\u00f6rdern oder zu verhindern. Das Leben war schneller und die Welt ver\u00e4ndert sich gerade rasant. Nun steht die Sorge um die Gesundheit aller im Mittelpunkt, ein wichtiges Anliegen, das uns einiges abverlangt. Die Frage, wie wir Zukunft gestalten wollen, wird dringlicher denn je: Was lernen wir aus dieser Krise? Welche Haltungen werden die Oberhand gewinnen? Kommt es zu Br\u00fcchen oder Kontinuit\u00e4ten bestehender Systeme? All das sind Fragen und Impulse f\u00fcr k\u00fcnstlerische Auseinandersetzungen. Dazu laden wir heute schon ein: zum n\u00e4chsten Festival im Juni 2021 und zu Aktivit\u00e4ten des DRAMA FORUM und des Schauspielhaus Graz diesen Sommer und Herbst, denn Texte m\u00fcssen nicht zuhause bleiben: Sie finden neue Wege, um an ihr Publikum zu kommen! <\/p>\n\n\n\n<p>Wir wollen u.a. in den kommenden Wochen einen visuellen Rahmen f\u00fcr weitere Begegnungen mit den Autor*innen und ihren Arbeiten entstehen lassen. So werden zun\u00e4chst Texte \u2013 auch aus dem abgesagten Festival \u2013 auf Textfahnen zu sehen sein: S\u00e4tze von Autor*innen erscheinen an Fenstern, quellen aus dem Privatraum in die \u00d6ffentlichkeit, sind Botschaften f\u00fcr Passant*innen und Freund*innen. Reaktionen darauf sind gefragt und werden gesammelt \u2013 Text generiert Text, Impulse generieren Antworten, Begegnungen in und \u00fcber Sprache finden jenseits vom Netz statt. <\/p>\n\n\n\n<p>Um zeitgen\u00f6ssischer Dramatik weiterhin eine B\u00fchne zu bieten, hat das Schauspielhaus Graz au\u00dferdem die Reihe #neuesdramazuhause ins Leben gerufen. So wurden etwa zwei Dutzend Autorinnen und Autoren aus verschiedenen L\u00e4ndern beauftragt, Minidramen zu schreiben, die von Schauspieler*innen des Ensembles in kurzen Videos umgesetzt und ab Mai 2020 fortlaufend auf der Homepage des Schauspielhauses und auf dessen Social Media-Kan\u00e4len Facebook und Instagram ver\u00f6ffentlicht werden. <\/p>\n\n\n\n<p>Und das DRAMA FORUM pr\u00e4sentiert gemeinsam mit seinem langj\u00e4hrigen Partner Theaterland Steiermark Theatertexte von 10 Autor*innen an verschiedenen steirischen Orten. H\u00f6rinstallationen in leeren Gesch\u00e4ften, Monologe auf freiem Feld, szenische Lesungen in riesigen Hallen\u2026 alles richtlinienkonform und dennoch ganz analog. <\/p>\n\n\n\n<p>Wir freuen uns auf ein Wiedersehen im Juni 2021 und w\u00fcnschen bis dahin allen viel Gesundheit und Kraft!  <\/p>\n\n\n\n<p><\/p>\n\n\n\n<p><\/p>\n","protected":false},"excerpt":{"rendered":"<p>Die f\u00fcnfte Ausgabe des internationalen DRAMA|TIK|ER|INNEN|FEST|IVALS Graz \u2013 das unter dem Motto \u00dcBER MORGEN im Juni stattfinden sollte \u2013 wird auf Juni 2021 verschoben. Wir (das DRAMA FORUM von uniT und das Schauspielhaus Graz) waren seit Monaten mit den Vorbereitungen besch\u00e4ftigt und haben voller Vorfreude auf den Juni geblickt, diese Mitteilung f\u00e4llt uns daher nicht &hellip; <a href=\"https:\/\/blog.dramatikerinnenfestival.at\/2018\/blog\/2020\/05\/15\/liebe-autorinnen-liebe-kolleginnen-liebes-publikum\/\" class=\"more-link\"><span class=\"screen-reader-text\">&#8222;Liebe Autor*innen, liebe Kolleg*innen, liebes Publikum!&#8220; <\/span>weiterlesen<\/a><\/p>\n","protected":false},"author":1,"featured_media":0,"comment_status":"open","ping_status":"open","sticky":false,"template":"","format":"standard","meta":[],"categories":[1],"tags":[],"_links":{"self":[{"href":"https:\/\/blog.dramatikerinnenfestival.at\/2018\/wp-json\/wp\/v2\/posts\/155"}],"collection":[{"href":"https:\/\/blog.dramatikerinnenfestival.at\/2018\/wp-json\/wp\/v2\/posts"}],"about":[{"href":"https:\/\/blog.dramatikerinnenfestival.at\/2018\/wp-json\/wp\/v2\/types\/post"}],"author":[{"embeddable":true,"href":"https:\/\/blog.dramatikerinnenfestival.at\/2018\/wp-json\/wp\/v2\/users\/1"}],"replies":[{"embeddable":true,"href":"https:\/\/blog.dramatikerinnenfestival.at\/2018\/wp-json\/wp\/v2\/comments?post=155"}],"version-history":[{"count":1,"href":"https:\/\/blog.dramatikerinnenfestival.at\/2018\/wp-json\/wp\/v2\/posts\/155\/revisions"}],"predecessor-version":[{"id":156,"href":"https:\/\/blog.dramatikerinnenfestival.at\/2018\/wp-json\/wp\/v2\/posts\/155\/revisions\/156"}],"wp:attachment":[{"href":"https:\/\/blog.dramatikerinnenfestival.at\/2018\/wp-json\/wp\/v2\/media?parent=155"}],"wp:term":[{"taxonomy":"category","embeddable":true,"href":"https:\/\/blog.dramatikerinnenfestival.at\/2018\/wp-json\/wp\/v2\/categories?post=155"},{"taxonomy":"post_tag","embeddable":true,"href":"https:\/\/blog.dramatikerinnenfestival.at\/2018\/wp-json\/wp\/v2\/tags?post=155"}],"curies":[{"name":"wp","href":"https:\/\/api.w.org\/{rel}","templated":true}]}}