{"id":132,"date":"2019-06-15T12:23:37","date_gmt":"2019-06-15T12:23:37","guid":{"rendered":"https:\/\/blog.dramatikerinnenfestival.at\/2018\/?p=132"},"modified":"2019-06-15T12:24:12","modified_gmt":"2019-06-15T12:24:12","slug":"keine-ahnung-wie-der-titel-lauten-soll","status":"publish","type":"post","link":"https:\/\/blog.dramatikerinnenfestival.at\/2018\/blog\/2019\/06\/15\/keine-ahnung-wie-der-titel-lauten-soll\/","title":{"rendered":"Keine Ahnung, wie der Titel lauten soll"},"content":{"rendered":"\n<p><strong>Sandra und Kassandra spielen zu zweit auf einem Akkordeon. Eine tr\u00e4gt einen Hut, der aussieht wie eine goldene Walnuss, die andere br\u00fcllt entsetzt \u201eDu hast \u201aDarm mit Charme\u2018 nicht gelesen!?\u201c<\/strong><\/p>\n\n\n\n<p>Manchmal benutzen wir W\u00f6rter, deren Bedeutung wir nicht genau kennen,\num fotosynthetischer zu wirken. Das macht keinen Sinn? In solchen Gespr\u00e4chen\nhaben sich viele wohl bereits selbst erwischt: wir wollen besonders wortgewandt\nund intelligent wirken, um den Eindruck zu erwecken, wir h\u00e4tten einen Plan.\nDoch wir haben alle manchmal einfach keine Ahnung, wovon wir gerade reden.\nAlso: \u201eH\u00f6ren Sie auf zu tun als w\u00fcrden Sie irgendetwas wissen!\u201c<\/p>\n\n\n\n<p>In \u201eKeine Ahnung\u201c, einer Produktion von uniT Graz und Sophiens\u00e4le Berlin, bringt Regisseurin Nele Stuhler eine meta-philosophische Zeitreise auf die B\u00fchne des Theater am Lend. Von der Entstehung des Universums \u00fcber die Steinzeit und rund um kluge K\u00f6pfe der Antike &#8211; Sandra (Paula Thielecke) und Kassandra (Sarah Gailer), f\u00fchren in drei \u201eVorlesungen\u201c durch den Abend:<br> 1. \u201eWas man wei\u00df\u201c \u2013 nichts wei\u00df man sicher<br> \u201e2. Was man nicht wei\u00df\u201c \u2013 alles andere eben<br> und \u201e3. Was jetzt noch kommen soll\u201c \u2013 Keine Ahnung.<\/p>\n\n\n\n<p>Sandra, die f\u00fcr das \u201eNicht-Verstehen\u201c steht, muss irritierende Befehle\nihres Gegenpols Kassandra ausf\u00fchren: \u201eFinden Sie Anschluss zu einer Urhorde!\u201c\nSandra, im Moment in der Steinzeit befindlich, muss mit den\nEinrichtungsgegenst\u00e4nden eine Familienstruktur bilden. Wenn sie sich weigert,\nsich mit den Einzelteilen der rot-orangen \u201e100% Antike S\u00e4ule made in Troja\u201c zu\nunterhalten, wird die Aufforderung so oft wiederholt, bis Sandra sie ausf\u00fchrt.\nDabei wird das Geschehen zus\u00e4tzlich von fun-facts \u00fcber die Produktion des\nSt\u00fccks begleitet, die \u00fcber den K\u00f6pfen eingeblendet sind und regelm\u00e4\u00dfig f\u00fcr\nGel\u00e4chter im Publikum sorgen.<\/p>\n\n\n\n<p>Die beiden Schauspielerinnen trotzen der Hitze im Saal und erfrischen das Publikum mit Power und Witz. Wenn pl\u00f6tzlich \u201efreih\u00e4ndig\u201c Akkordeon gespielt wird, eine goldene Riesenwalnuss als Gehirn-Hut getragen, oder \u00fcber Polly-Pocket und die Sitzposition beim Stuhlgang (lesen Sie unbedingt \u201eDarm mit Charme\u201c!) philosophiert wird, verschwimmen die Grenzen von Ahnung und Wissen \u2013 keine Ahnung und Unwissen. Und im Laufe des Abends wird klar, die zu Beginn \u00fcberlegene Kassandra, ist in Wahrheit Sandra gleichgestellt.\u00a0<br>Wenn man angestrengt versucht, die vielen Meta-Ebenen des St\u00fccks zu verstehen, scheint es, dass es im Sinne des Konzepts liegt, den Zuschauer verwirrt zur\u00fcckzulassen \u2013 man hat eben keine Ahnung.<\/p>\n\n\n\n<p>Chiara \u0160arko<\/p>\n","protected":false},"excerpt":{"rendered":"<p>Sandra und Kassandra spielen zu zweit auf einem Akkordeon. Eine tr\u00e4gt einen Hut, der aussieht wie eine goldene Walnuss, die andere br\u00fcllt entsetzt \u201eDu hast \u201aDarm mit Charme\u2018 nicht gelesen!?\u201c Manchmal benutzen wir W\u00f6rter, deren Bedeutung wir nicht genau kennen, um fotosynthetischer zu wirken. Das macht keinen Sinn? In solchen Gespr\u00e4chen haben sich viele wohl &hellip; <a href=\"https:\/\/blog.dramatikerinnenfestival.at\/2018\/blog\/2019\/06\/15\/keine-ahnung-wie-der-titel-lauten-soll\/\" class=\"more-link\"><span class=\"screen-reader-text\">&#8222;Keine Ahnung, wie der Titel lauten soll&#8220; <\/span>weiterlesen<\/a><\/p>\n","protected":false},"author":1,"featured_media":0,"comment_status":"open","ping_status":"open","sticky":false,"template":"","format":"standard","meta":[],"categories":[1],"tags":[],"_links":{"self":[{"href":"https:\/\/blog.dramatikerinnenfestival.at\/2018\/wp-json\/wp\/v2\/posts\/132"}],"collection":[{"href":"https:\/\/blog.dramatikerinnenfestival.at\/2018\/wp-json\/wp\/v2\/posts"}],"about":[{"href":"https:\/\/blog.dramatikerinnenfestival.at\/2018\/wp-json\/wp\/v2\/types\/post"}],"author":[{"embeddable":true,"href":"https:\/\/blog.dramatikerinnenfestival.at\/2018\/wp-json\/wp\/v2\/users\/1"}],"replies":[{"embeddable":true,"href":"https:\/\/blog.dramatikerinnenfestival.at\/2018\/wp-json\/wp\/v2\/comments?post=132"}],"version-history":[{"count":2,"href":"https:\/\/blog.dramatikerinnenfestival.at\/2018\/wp-json\/wp\/v2\/posts\/132\/revisions"}],"predecessor-version":[{"id":134,"href":"https:\/\/blog.dramatikerinnenfestival.at\/2018\/wp-json\/wp\/v2\/posts\/132\/revisions\/134"}],"wp:attachment":[{"href":"https:\/\/blog.dramatikerinnenfestival.at\/2018\/wp-json\/wp\/v2\/media?parent=132"}],"wp:term":[{"taxonomy":"category","embeddable":true,"href":"https:\/\/blog.dramatikerinnenfestival.at\/2018\/wp-json\/wp\/v2\/categories?post=132"},{"taxonomy":"post_tag","embeddable":true,"href":"https:\/\/blog.dramatikerinnenfestival.at\/2018\/wp-json\/wp\/v2\/tags?post=132"}],"curies":[{"name":"wp","href":"https:\/\/api.w.org\/{rel}","templated":true}]}}